{"id":1746,"date":"2018-06-12T11:00:24","date_gmt":"2018-06-12T09:00:24","guid":{"rendered":"https:\/\/nuiton-beaunoy.fr\/article-1\/"},"modified":"2018-12-02T15:08:37","modified_gmt":"2018-12-02T14:08:37","slug":"article-1","status":"publish","type":"post","link":"https:\/\/nuiton-beaunoy.fr\/en\/article-1\/","title":{"rendered":"2e march\u00e9 nocturne des Terres Secr\u00e8tes le 30 juin 2017 \u00e0 Priss\u00e9"},"content":{"rendered":"<p>Lorem ipsum dolor sit amet, consectetur adipiscing elit. Ut sem lacus, varius ac ultricies a, dictum ut nibh. Nam auctor at lectus at tempor. In tempus pretium orci, quis ultrices lectus pretium nec. Suspendisse rhoncus lorem non sagittis sagittis. Nam nulla nunc, volutpat ut facilisis id, imperdiet ac libero. Maecenas dignissim est nulla, vel accumsan enim aliquam in. Pellentesque lacus dui, iaculis sit amet lacinia id, mattis ut justo. Duis non ex eu nulla gravida pharetra quis in justo. Nunc at commodo enim. Integer id mi eu sapien maximus faucibus. Class aptent taciti sociosqu ad litora torquent per conubia nostra, per inceptos himenaeos. Nulla ut varius lectus, in mollis libero. Mauris rhoncus, lectus in commodo feugiat, nisi felis efficitur nisl, ut eleifend neque diam eget ex. Maecenas eleifend varius sem at imperdiet. Nullam et convallis ligula.<\/p>\n<p>Aenean quis urna eu eros rhoncus mollis ut in lectus. Nam pharetra, lectus sed porta tempor, dui mauris mattis magna, quis eleifend erat urna ultrices nunc. Aliquam erat volutpat. Suspendisse lacinia luctus est, eu dictum magna efficitur mattis. Duis aliquam ac arcu a rhoncus. Curabitur ac ligula at urna sagittis fermentum. Mauris sodales tellus metus. Donec cursus, dolor laoreet elementum faucibus, arcu elit malesuada turpis, et rhoncus erat sapien ac odio. Orci varius natoque penatibus et magnis dis parturient montes, nascetur ridiculus mus.<\/p>\n<p>Vivamus eu turpis faucibus, rutrum diam quis, sagittis nibh. Fusce consectetur lacinia tortor nec fringilla. Morbi et convallis risus, vel rhoncus tortor. Nam eu tempor nisl. Suspendisse tellus odio, lobortis sit amet ex vel, euismod egestas turpis. Phasellus ut lacinia velit. Vivamus convallis auctor eros, porttitor venenatis nisl finibus vitae. Nulla facilisi. Nulla interdum nulla ante, id lobortis dui dictum a. Maecenas aliquam ex mi, id volutpat ante aliquam in.<\/p>\n","protected":false},"excerpt":{"rendered":"<p>Lorem ipsum dolor sit amet, consectetur adipiscing elit. Ut sem lacus, varius ac ultricies a, dictum ut nibh. Nam auctor at lectus at tempor. In tempus pretium orci, quis ultrices lectus pretium nec. Suspendisse rhoncus lorem non sagittis sagittis. Nam nulla nunc, volutpat ut facilisis id, imperdiet ac libero. Maecenas dignissim est nulla, vel accumsan [&#8230;]<\/p>\n<p><a class=\"btn btn-secondary understrap-read-more-link\" href=\"https:\/\/nuiton-beaunoy.fr\/en\/article-1\/\">Read More&#8230;<span class=\"screen-reader-text\"> from 2e march\u00e9 nocturne des Terres Secr\u00e8tes le 30 juin 2017 \u00e0 Priss\u00e9<\/span><\/a><\/p>\n","protected":false},"author":3,"featured_media":1672,"comment_status":"closed","ping_status":"open","sticky":false,"template":"","format":"standard","meta":[],"categories":[51],"tags":[],"acf":[],"yoast_head":"<!-- This site is optimized with the Yoast SEO plugin v20.6 - https:\/\/yoast.com\/wordpress\/plugins\/seo\/ -->\n<title>Nuiton-Beaunoy - 2e march\u00e9 nocturne des Terres Secr\u00e8tes le 30 juin 2017 \u00e0 Priss\u00e9<\/title>\n<meta name=\"robots\" content=\"index, follow, max-snippet:-1, max-image-preview:large, max-video-preview:-1\" \/>\n<link rel=\"canonical\" href=\"https:\/\/nuiton-beaunoy.fr\/en\/article-1\/\" \/>\n<meta property=\"og:locale\" content=\"en_US\" \/>\n<meta property=\"og:type\" content=\"article\" \/>\n<meta property=\"og:title\" content=\"Nuiton-Beaunoy - 2e march\u00e9 nocturne des Terres Secr\u00e8tes le 30 juin 2017 \u00e0 Priss\u00e9\" \/>\n<meta property=\"og:description\" content=\"Lorem ipsum dolor sit amet, consectetur adipiscing elit. Ut sem lacus, varius ac ultricies a, dictum ut nibh. Nam auctor at lectus at tempor. In tempus pretium orci, quis ultrices lectus pretium nec. Suspendisse rhoncus lorem non sagittis sagittis. Nam nulla nunc, volutpat ut facilisis id, imperdiet ac libero. Maecenas dignissim est nulla, vel accumsan [...]Read More... from 2e march\u00e9 nocturne des Terres Secr\u00e8tes le 30 juin 2017 \u00e0 Priss\u00e9\" \/>\n<meta property=\"og:url\" content=\"https:\/\/nuiton-beaunoy.fr\/en\/article-1\/\" \/>\n<meta property=\"og:site_name\" content=\"Nuiton-Beaunoy\" \/>\n<meta property=\"article:publisher\" content=\"https:\/\/www.facebook.com\/NuitonBeaunoy\" \/>\n<meta property=\"article:published_time\" content=\"2018-06-12T09:00:24+00:00\" \/>\n<meta property=\"article:modified_time\" content=\"2018-12-02T14:08:37+00:00\" \/>\n<meta property=\"og:image\" content=\"https:\/\/nuiton-beaunoy.fr\/wp-content\/uploads\/2018\/06\/img9.jpg\" \/>\n\t<meta property=\"og:image:width\" content=\"1584\" \/>\n\t<meta property=\"og:image:height\" content=\"1200\" \/>\n\t<meta property=\"og:image:type\" content=\"image\/jpeg\" \/>\n<meta name=\"author\" content=\"album\" \/>\n<meta name=\"twitter:card\" content=\"summary_large_image\" \/>\n<meta name=\"twitter:label1\" content=\"Written by\" \/>\n\t<meta name=\"twitter:data1\" content=\"album\" \/>\n\t<meta name=\"twitter:label2\" content=\"Est. reading time\" \/>\n\t<meta name=\"twitter:data2\" content=\"1 minute\" \/>\n<script type=\"application\/ld+json\" class=\"yoast-schema-graph\">{\"@context\":\"https:\/\/schema.org\",\"@graph\":[{\"@type\":\"Article\",\"@id\":\"https:\/\/nuiton-beaunoy.fr\/en\/article-1\/#article\",\"isPartOf\":{\"@id\":\"https:\/\/nuiton-beaunoy.fr\/en\/article-1\/\"},\"author\":{\"name\":\"album\",\"@id\":\"https:\/\/nuiton-beaunoy.fr\/#\/schema\/person\/37c9fca77bbde1d31f85ca9f02f61ada\"},\"headline\":\"2e march\u00e9 nocturne des Terres Secr\u00e8tes le 30 juin 2017 \u00e0 Priss\u00e9\",\"datePublished\":\"2018-06-12T09:00:24+00:00\",\"dateModified\":\"2018-12-02T14:08:37+00:00\",\"mainEntityOfPage\":{\"@id\":\"https:\/\/nuiton-beaunoy.fr\/en\/article-1\/\"},\"wordCount\":299,\"publisher\":{\"@id\":\"https:\/\/nuiton-beaunoy.fr\/#organization\"},\"articleSection\":[\"Cat 1 En\"],\"inLanguage\":\"en-US\"},{\"@type\":\"WebPage\",\"@id\":\"https:\/\/nuiton-beaunoy.fr\/en\/article-1\/\",\"url\":\"https:\/\/nuiton-beaunoy.fr\/en\/article-1\/\",\"name\":\"Nuiton-Beaunoy - 2e march\u00e9 nocturne des Terres Secr\u00e8tes le 30 juin 2017 \u00e0 Priss\u00e9\",\"isPartOf\":{\"@id\":\"https:\/\/nuiton-beaunoy.fr\/#website\"},\"datePublished\":\"2018-06-12T09:00:24+00:00\",\"dateModified\":\"2018-12-02T14:08:37+00:00\",\"breadcrumb\":{\"@id\":\"https:\/\/nuiton-beaunoy.fr\/en\/article-1\/#breadcrumb\"},\"inLanguage\":\"en-US\",\"potentialAction\":[{\"@type\":\"ReadAction\",\"target\":[\"https:\/\/nuiton-beaunoy.fr\/en\/article-1\/\"]}]},{\"@type\":\"BreadcrumbList\",\"@id\":\"https:\/\/nuiton-beaunoy.fr\/en\/article-1\/#breadcrumb\",\"itemListElement\":[{\"@type\":\"ListItem\",\"position\":1,\"name\":\"Accueil\",\"item\":\"https:\/\/nuiton-beaunoy.fr\/en\/\"},{\"@type\":\"ListItem\",\"position\":2,\"name\":\"2e march\u00e9 nocturne des Terres Secr\u00e8tes le 30 juin 2017 \u00e0 Priss\u00e9\"}]},{\"@type\":\"WebSite\",\"@id\":\"https:\/\/nuiton-beaunoy.fr\/#website\",\"url\":\"https:\/\/nuiton-beaunoy.fr\/\",\"name\":\"Nuiton-Beaunoy\",\"description\":\"\",\"publisher\":{\"@id\":\"https:\/\/nuiton-beaunoy.fr\/#organization\"},\"potentialAction\":[{\"@type\":\"SearchAction\",\"target\":{\"@type\":\"EntryPoint\",\"urlTemplate\":\"https:\/\/nuiton-beaunoy.fr\/?s={search_term_string}\"},\"query-input\":\"required name=search_term_string\"}],\"inLanguage\":\"en-US\"},{\"@type\":\"Organization\",\"@id\":\"https:\/\/nuiton-beaunoy.fr\/#organization\",\"name\":\"Nuiton-Beaunoy\",\"url\":\"https:\/\/nuiton-beaunoy.fr\/\",\"logo\":{\"@type\":\"ImageObject\",\"inLanguage\":\"en-US\",\"@id\":\"https:\/\/nuiton-beaunoy.fr\/#\/schema\/logo\/image\/\",\"url\":\"https:\/\/nuiton-beaunoy.fr\/wp-content\/uploads\/2021\/02\/logo-nuiton-beaunoy.png\",\"contentUrl\":\"https:\/\/nuiton-beaunoy.fr\/wp-content\/uploads\/2021\/02\/logo-nuiton-beaunoy.png\",\"width\":1330,\"height\":435,\"caption\":\"Nuiton-Beaunoy\"},\"image\":{\"@id\":\"https:\/\/nuiton-beaunoy.fr\/#\/schema\/logo\/image\/\"},\"sameAs\":[\"https:\/\/www.facebook.com\/NuitonBeaunoy\",\"https:\/\/www.instagram.com\/nuiton_beaunoy\/\",\"https:\/\/www.linkedin.com\/company\/nuiton-beaunoy-cave-des-hautes-c\u00f4tes\/\"]},{\"@type\":\"Person\",\"@id\":\"https:\/\/nuiton-beaunoy.fr\/#\/schema\/person\/37c9fca77bbde1d31f85ca9f02f61ada\",\"name\":\"album\",\"image\":{\"@type\":\"ImageObject\",\"inLanguage\":\"en-US\",\"@id\":\"https:\/\/nuiton-beaunoy.fr\/#\/schema\/person\/image\/\",\"url\":\"https:\/\/secure.gravatar.com\/avatar\/f1e686138c64389446e3da515edcf8c7?s=96&d=mm&r=g\",\"contentUrl\":\"https:\/\/secure.gravatar.com\/avatar\/f1e686138c64389446e3da515edcf8c7?s=96&d=mm&r=g\",\"caption\":\"album\"},\"url\":\"https:\/\/nuiton-beaunoy.fr\/en\/author\/album\/\"}]}<\/script>\n<!-- \/ Yoast SEO plugin. -->","yoast_head_json":{"title":"Nuiton-Beaunoy - 2e march\u00e9 nocturne des Terres Secr\u00e8tes le 30 juin 2017 \u00e0 Priss\u00e9","robots":{"index":"index","follow":"follow","max-snippet":"max-snippet:-1","max-image-preview":"max-image-preview:large","max-video-preview":"max-video-preview:-1"},"canonical":"https:\/\/nuiton-beaunoy.fr\/en\/article-1\/","og_locale":"en_US","og_type":"article","og_title":"Nuiton-Beaunoy - 2e march\u00e9 nocturne des Terres Secr\u00e8tes le 30 juin 2017 \u00e0 Priss\u00e9","og_description":"Lorem ipsum dolor sit amet, consectetur adipiscing elit. Ut sem lacus, varius ac ultricies a, dictum ut nibh. Nam auctor at lectus at tempor. In tempus pretium orci, quis ultrices lectus pretium nec. Suspendisse rhoncus lorem non sagittis sagittis. Nam nulla nunc, volutpat ut facilisis id, imperdiet ac libero. Maecenas dignissim est nulla, vel accumsan [...]Read More... from 2e march\u00e9 nocturne des Terres Secr\u00e8tes le 30 juin 2017 \u00e0 Priss\u00e9","og_url":"https:\/\/nuiton-beaunoy.fr\/en\/article-1\/","og_site_name":"Nuiton-Beaunoy","article_publisher":"https:\/\/www.facebook.com\/NuitonBeaunoy","article_published_time":"2018-06-12T09:00:24+00:00","article_modified_time":"2018-12-02T14:08:37+00:00","og_image":[{"width":1584,"height":1200,"url":"https:\/\/nuiton-beaunoy.fr\/wp-content\/uploads\/2018\/06\/img9.jpg","type":"image\/jpeg"}],"author":"album","twitter_card":"summary_large_image","twitter_misc":{"Written by":"album","Est. reading time":"1 minute"},"schema":{"@context":"https:\/\/schema.org","@graph":[{"@type":"Article","@id":"https:\/\/nuiton-beaunoy.fr\/en\/article-1\/#article","isPartOf":{"@id":"https:\/\/nuiton-beaunoy.fr\/en\/article-1\/"},"author":{"name":"album","@id":"https:\/\/nuiton-beaunoy.fr\/#\/schema\/person\/37c9fca77bbde1d31f85ca9f02f61ada"},"headline":"2e march\u00e9 nocturne des Terres Secr\u00e8tes le 30 juin 2017 \u00e0 Priss\u00e9","datePublished":"2018-06-12T09:00:24+00:00","dateModified":"2018-12-02T14:08:37+00:00","mainEntityOfPage":{"@id":"https:\/\/nuiton-beaunoy.fr\/en\/article-1\/"},"wordCount":299,"publisher":{"@id":"https:\/\/nuiton-beaunoy.fr\/#organization"},"articleSection":["Cat 1 En"],"inLanguage":"en-US"},{"@type":"WebPage","@id":"https:\/\/nuiton-beaunoy.fr\/en\/article-1\/","url":"https:\/\/nuiton-beaunoy.fr\/en\/article-1\/","name":"Nuiton-Beaunoy - 2e march\u00e9 nocturne des Terres Secr\u00e8tes le 30 juin 2017 \u00e0 Priss\u00e9","isPartOf":{"@id":"https:\/\/nuiton-beaunoy.fr\/#website"},"datePublished":"2018-06-12T09:00:24+00:00","dateModified":"2018-12-02T14:08:37+00:00","breadcrumb":{"@id":"https:\/\/nuiton-beaunoy.fr\/en\/article-1\/#breadcrumb"},"inLanguage":"en-US","potentialAction":[{"@type":"ReadAction","target":["https:\/\/nuiton-beaunoy.fr\/en\/article-1\/"]}]},{"@type":"BreadcrumbList","@id":"https:\/\/nuiton-beaunoy.fr\/en\/article-1\/#breadcrumb","itemListElement":[{"@type":"ListItem","position":1,"name":"Accueil","item":"https:\/\/nuiton-beaunoy.fr\/en\/"},{"@type":"ListItem","position":2,"name":"2e march\u00e9 nocturne des Terres Secr\u00e8tes le 30 juin 2017 \u00e0 Priss\u00e9"}]},{"@type":"WebSite","@id":"https:\/\/nuiton-beaunoy.fr\/#website","url":"https:\/\/nuiton-beaunoy.fr\/","name":"Nuiton-Beaunoy","description":"","publisher":{"@id":"https:\/\/nuiton-beaunoy.fr\/#organization"},"potentialAction":[{"@type":"SearchAction","target":{"@type":"EntryPoint","urlTemplate":"https:\/\/nuiton-beaunoy.fr\/?s={search_term_string}"},"query-input":"required name=search_term_string"}],"inLanguage":"en-US"},{"@type":"Organization","@id":"https:\/\/nuiton-beaunoy.fr\/#organization","name":"Nuiton-Beaunoy","url":"https:\/\/nuiton-beaunoy.fr\/","logo":{"@type":"ImageObject","inLanguage":"en-US","@id":"https:\/\/nuiton-beaunoy.fr\/#\/schema\/logo\/image\/","url":"https:\/\/nuiton-beaunoy.fr\/wp-content\/uploads\/2021\/02\/logo-nuiton-beaunoy.png","contentUrl":"https:\/\/nuiton-beaunoy.fr\/wp-content\/uploads\/2021\/02\/logo-nuiton-beaunoy.png","width":1330,"height":435,"caption":"Nuiton-Beaunoy"},"image":{"@id":"https:\/\/nuiton-beaunoy.fr\/#\/schema\/logo\/image\/"},"sameAs":["https:\/\/www.facebook.com\/NuitonBeaunoy","https:\/\/www.instagram.com\/nuiton_beaunoy\/","https:\/\/www.linkedin.com\/company\/nuiton-beaunoy-cave-des-hautes-c\u00f4tes\/"]},{"@type":"Person","@id":"https:\/\/nuiton-beaunoy.fr\/#\/schema\/person\/37c9fca77bbde1d31f85ca9f02f61ada","name":"album","image":{"@type":"ImageObject","inLanguage":"en-US","@id":"https:\/\/nuiton-beaunoy.fr\/#\/schema\/person\/image\/","url":"https:\/\/secure.gravatar.com\/avatar\/f1e686138c64389446e3da515edcf8c7?s=96&d=mm&r=g","contentUrl":"https:\/\/secure.gravatar.com\/avatar\/f1e686138c64389446e3da515edcf8c7?s=96&d=mm&r=g","caption":"album"},"url":"https:\/\/nuiton-beaunoy.fr\/en\/author\/album\/"}]}},"_links":{"self":[{"href":"https:\/\/nuiton-beaunoy.fr\/en\/wp-json\/wp\/v2\/posts\/1746"}],"collection":[{"href":"https:\/\/nuiton-beaunoy.fr\/en\/wp-json\/wp\/v2\/posts"}],"about":[{"href":"https:\/\/nuiton-beaunoy.fr\/en\/wp-json\/wp\/v2\/types\/post"}],"author":[{"embeddable":true,"href":"https:\/\/nuiton-beaunoy.fr\/en\/wp-json\/wp\/v2\/users\/3"}],"replies":[{"embeddable":true,"href":"https:\/\/nuiton-beaunoy.fr\/en\/wp-json\/wp\/v2\/comments?post=1746"}],"version-history":[{"count":0,"href":"https:\/\/nuiton-beaunoy.fr\/en\/wp-json\/wp\/v2\/posts\/1746\/revisions"}],"wp:featuredmedia":[{"embeddable":true,"href":"https:\/\/nuiton-beaunoy.fr\/en\/wp-json\/wp\/v2\/media\/1672"}],"wp:attachment":[{"href":"https:\/\/nuiton-beaunoy.fr\/en\/wp-json\/wp\/v2\/media?parent=1746"}],"wp:term":[{"taxonomy":"category","embeddable":true,"href":"https:\/\/nuiton-beaunoy.fr\/en\/wp-json\/wp\/v2\/categories?post=1746"},{"taxonomy":"post_tag","embeddable":true,"href":"https:\/\/nuiton-beaunoy.fr\/en\/wp-json\/wp\/v2\/tags?post=1746"}],"curies":[{"name":"wp","href":"https:\/\/api.w.org\/{rel}","templated":true}]}}